{"id":148,"date":"2016-01-05T16:29:09","date_gmt":"2016-01-05T15:29:09","guid":{"rendered":"https:\/\/clouding.io\/blog\/?p=148"},"modified":"2024-02-08T10:16:34","modified_gmt":"2024-02-08T09:16:34","slug":"dominio-barcelona","status":"publish","type":"post","link":"https:\/\/clouding.io\/blog\/dominio-barcelona\/","title":{"rendered":"El dominio .barcelona llega para quedarse"},"content":{"rendered":"<p>El dominio<strong> .barcelona<\/strong> ya est\u00e1 aqu\u00ed. Es el nuevo <strong>TLD (Top-Level Domain)<\/strong> o dominio de nivel superior con el que podr\u00e1s registrar tu web. \u00a0El dominio, propiedad del Ayuntamiento de Barcelona, ha sido adjudicado durante cinco a\u00f1os para su gesti\u00f3n por la<a href=\"https:\/\/fundaci\u00f3.cat\/\" target=\"_blank\" rel=\"noopener noreferrer\"> Fundaci\u00f3 puntCAT<\/a>.<!--more--><\/p>\n<p>Desde el 12 de Enero de 2016, empresas, particulares y entidades ya pueden solicitar el preregistro de una extensi\u00f3n del dominio .barcelona. La solicitud deber\u00e1 hacerse a trav\u00e9s de una de las empresas registradoras de dominios que ofrecen esta extensi\u00f3n.<\/p>\n<p>Con la solicitud empieza un <strong>periodo de reserva<\/strong> y, en el caso de que finalmente sea aprobada, dicho dominio podr\u00e1 ser utilizado desde el 21 de Marzo de este a\u00f1o, que es cuando comienza el periodo en abierto. A partir de esa fecha el registro ser\u00e1 libre, esto es, cualquiera podr\u00e1 solicitar un registro.<\/p>\n<p><strong>Si est\u00e1s pensando en solicitar una extensi\u00f3n del dominio<\/strong>, recuerda que el contenido de tu web debe tener relaci\u00f3n con la ciudad de Barcelona o con su \u00e1rea de influencia. Esto porque el Ayuntamiento de Barcelona, que logr\u00f3 la aprobaci\u00f3n del .barcelona en 2014, lo hizo con la idea de que se vincule el dominio con la ciudad, su vida cultural, sus negocios, su gente.<\/p>\n<p>Por ello, para solicitarla es necesario cumplir con alguno de los siguientes <strong>requisitos<\/strong>:<\/p>\n<ul>\n<li>Tener residencia f\u00edsica en Barcelona.<\/li>\n<li>Realizar actividades comerciales en la ciudad Condal.<\/li>\n<li>Ofrecer eventos culturales\/sociales en Barcelona<\/li>\n<\/ul>\n<p><span style=\"line-height: 1.5;\">El precio de lanzamiento, hasta el 21 de Marzo, ser\u00e1 de 100 euros anuales y, desde entonces, la cuota se reducir\u00e1 a 40 euros al a\u00f1o. La previsi\u00f3n que hay es que en un plazo de tres a\u00f1os existan unas 20.000 webs registradas con el .barcelona.<\/span><\/p>\n<p>Sin duda, esta nueva forma de promoci\u00f3n trav\u00e9s del dominio .barcelona generar\u00e1 nuevos modelos de negocio y de acceso a la informaci\u00f3n, productos y servicios relacionados. La marca Barcelona, ya mundialmente conocida, alcanzar\u00e1 otro nivel.<\/p>\n<p>Si ya tienes pensado ese nombre para <strong>tu web o blog con .barcelona<\/strong>, en <a href=\"https:\/\/clouding.io\">Clouding.io<\/a>, tu servidor Cloud \u00a0ya te he hemos contado c\u00f3mo tienes que hacer y r\u00e1pido, que seguro que vuelan \ud83d\ude42<\/p>\n","protected":false},"excerpt":{"rendered":"<p>En clouding.io conocemos tus necesidades y lo que te interesa, por eso te informamos de que el dominio .barcelona ya est\u00e1 aqu\u00ed.<\/p>\n","protected":false},"author":2,"featured_media":9602,"comment_status":"open","ping_status":"open","sticky":false,"template":"","format":"standard","meta":{"_acf_changed":false,"footnotes":""},"categories":[24,35],"tags":[23,22],"yst_prominent_words":[2290,2283,2291,2282,2284,2289,2285,2286,763,2288,2294,1180,2293,2295,1002,2287,2292,1560,711],"class_list":["post-148","post","type-post","status-publish","format-standard","has-post-thumbnail","hentry","category-clouding-io","category-dominios","tag-barcelona","tag-dominio"],"acf":[],"_links":{"self":[{"href":"https:\/\/clouding.io\/blog\/wp-json\/wp\/v2\/posts\/148","targetHints":{"allow":["GET"]}}],"collection":[{"href":"https:\/\/clouding.io\/blog\/wp-json\/wp\/v2\/posts"}],"about":[{"href":"https:\/\/clouding.io\/blog\/wp-json\/wp\/v2\/types\/post"}],"author":[{"embeddable":true,"href":"https:\/\/clouding.io\/blog\/wp-json\/wp\/v2\/users\/2"}],"replies":[{"embeddable":true,"href":"https:\/\/clouding.io\/blog\/wp-json\/wp\/v2\/comments?post=148"}],"version-history":[{"count":15,"href":"https:\/\/clouding.io\/blog\/wp-json\/wp\/v2\/posts\/148\/revisions"}],"predecessor-version":[{"id":9608,"href":"https:\/\/clouding.io\/blog\/wp-json\/wp\/v2\/posts\/148\/revisions\/9608"}],"wp:featuredmedia":[{"embeddable":true,"href":"https:\/\/clouding.io\/blog\/wp-json\/wp\/v2\/media\/9602"}],"wp:attachment":[{"href":"https:\/\/clouding.io\/blog\/wp-json\/wp\/v2\/media?parent=148"}],"wp:term":[{"taxonomy":"category","embeddable":true,"href":"https:\/\/clouding.io\/blog\/wp-json\/wp\/v2\/categories?post=148"},{"taxonomy":"post_tag","embeddable":true,"href":"https:\/\/clouding.io\/blog\/wp-json\/wp\/v2\/tags?post=148"},{"taxonomy":"yst_prominent_words","embeddable":true,"href":"https:\/\/clouding.io\/blog\/wp-json\/wp\/v2\/yst_prominent_words?post=148"}],"curies":[{"name":"wp","href":"https:\/\/api.w.org\/{rel}","templated":true}]}}