{"id":7248,"date":"2020-11-17T10:05:18","date_gmt":"2020-11-17T09:05:18","guid":{"rendered":"https:\/\/clouding.io\/blog\/?p=7248"},"modified":"2020-11-19T14:45:54","modified_gmt":"2020-11-19T13:45:54","slug":"patrocinamos-evento-hacktoberfest","status":"publish","type":"post","link":"https:\/\/clouding.io\/blog\/patrocinamos-evento-hacktoberfest\/","title":{"rendered":"Patrocinamos el evento \u00abNem per Feina\u00bb, dentro del marco del Hacktoberfest"},"content":{"rendered":"\n<p>El <strong><a href=\"https:\/\/hacktoberfest.geekscat.org\">Hacktoberfest<\/a><\/strong> es un festival que tiene lugar cada a\u00f1o en el mes de octubre y que pretende romper barreras de entrada al mundo open source, animando a que cualquier persona colabore con alg\u00fan proyecto de c\u00f3digo abierto.<\/p>\n\n\n\n<p>Dentro del marco de este popular festival, <strong><em><a href=\"https:\/\/geekscat.org\/\"> <\/a><\/em><a href=\"https:\/\/geekscat.org\/\">Associaci\u00f3 Geeks.CAT<\/a><\/strong> ha propulsado el evento<strong><em> <a href=\"https:\/\/nemperfeina.cat\">\u00abNem per Feina\u00bb<\/a><\/em><\/strong>, que desde Clouding hemos patrocinado con mucha ilusi\u00f3n.  <\/p>\n\n\n\n<p>Charlamos con Xavier Torell\u00f3, presidente de la asociaci\u00f3n y uno de los organizadores del<strong><em> \u00abNem per Feina\u00bb. <\/em><\/strong><\/p>\n\n\n\n<h3 class=\"wp-block-heading\"><strong>Hola Xavier. \u00bfCu\u00e1l es tu profesi\u00f3n? \u00bfA qu\u00e9 te dedicas?<\/strong><\/h3>\n\n\n\n<p>Me dedico a la <strong>consultor\u00eda tecnol\u00f3gica<\/strong>.  Soy un entusiasta de la tecnolog\u00eda, y desde que tengo uso de raz\u00f3n juego con unos y ceros \ud83d\ude42<\/p>\n\n\n\n<h3 class=\"wp-block-heading\"><strong>\u00bfEn qu\u00e9 consiste el proyecto \u201cNem per Feina\u201d y cu\u00e1l ha sido tu papel en \u00e9l?<\/strong><\/h3>\n\n\n\n<p>Desde la<strong> <em>Associaci\u00f3 Geeks.CAT<\/em><\/strong> quisimos <strong>estimular el ecosistema techie catal\u00e1n <\/strong>preparando un evento vinculado al festival Hacktoberfest.<\/p>\n\n\n\n<p>Nuestra idea fue la de extender un repositorio que ya exist\u00eda <a href=\"https:\/\/github.com\/manjurulhoque\/django-job-portal\">django-job-portal<\/a>, para acabar desplegando <strong>un portal de empleo hecho por y para la comunidad: \u201cNem per feina!\u201d.<\/strong><\/p>\n\n\n\n<p>La idea que tuvimos fue la de <strong>publicar un nuevo servicio FLOSS <\/strong>gestionado por la propia comunidad que nos ayude a dar visibilidad a las ofertas de trabajo que vamos recibiendo por distintos canales.<\/p>\n\n\n\n<p>Para ello, definimos <strong>cuatro equipos,<\/strong> liderados cada uno de ellos por un especialista:<strong> front, back, arch &amp; CI e iSec<\/strong>. Cada equipo estaba autogestionado y hac\u00eda sesiones de formaci\u00f3n y de programaci\u00f3n conjunta, tanto en formato<em> stream<\/em> como en formato colaborativo.<\/p>\n\n\n\n<h3 class=\"wp-block-heading\"><strong>\u00bfC\u00f3mo ha sido la experiencia de hacer el evento online debido a la pandemia?<\/strong><\/h3>\n\n\n\n<p>La verdad es que nos preocupaba bastante este punto, puesto que uno de los fuertes de este tipo de eventos suele ser el calor de la comunidad y el tir\u00f3n que ofrece podernos encerrar uno o dos d\u00edas unos cuantos para revolucionar un proyecto, en la l\u00ednea de los hackathones colaborativos t\u00edpicos.<\/p>\n\n\n\n<p>La suerte que tenemos es que <strong>la mayor\u00eda de especialistas relacionados con el sector ya est\u00e1n muy acostumbrados a trabajar en remoto<\/strong>, a utilizar herramientas tipo Slack, Jitsi Meeting, Google Meet, VSCode Live Share, Tmate,.. cosa que facilit\u00f3 la generaci\u00f3n de sinergias entre los participantes y miembros de los distintos equipos.<\/p>\n\n\n\n<h3 class=\"wp-block-heading\"><strong>\u00bfHab\u00e9is tenido la afluencia esperada? \u00bfCu\u00e1ntos profesionales han colaborado en el proyecto?<\/strong><\/h3>\n\n\n\n<p>Esper\u00e1bamos una acogida bastante reducida, pero el evento alcanz\u00f3 una cuota muy interesante.<\/p>\n\n\n\n<p>En total se registraron <strong>cincuenta especialistas<\/strong>, de los cuales se acabaron implicando de forma activa una veintena de ellos.<\/p>\n\n\n\n<figure class=\"wp-block-image size-large\"><img loading=\"lazy\" decoding=\"async\" width=\"1024\" height=\"521\" src=\"https:\/\/clouding.io\/blog\/wp-content\/uploads\/2020\/11\/EmFRN0QXUAcxdbX-1024x521.jpg\" alt=\"\" class=\"wp-image-7252\" srcset=\"https:\/\/clouding.io\/blog\/wp-content\/uploads\/2020\/11\/EmFRN0QXUAcxdbX-1024x521.jpg 1024w, https:\/\/clouding.io\/blog\/wp-content\/uploads\/2020\/11\/EmFRN0QXUAcxdbX-300x153.jpg 300w, https:\/\/clouding.io\/blog\/wp-content\/uploads\/2020\/11\/EmFRN0QXUAcxdbX-768x391.jpg 768w, https:\/\/clouding.io\/blog\/wp-content\/uploads\/2020\/11\/EmFRN0QXUAcxdbX-1536x782.jpg 1536w, https:\/\/clouding.io\/blog\/wp-content\/uploads\/2020\/11\/EmFRN0QXUAcxdbX.jpg 1911w\" sizes=\"auto, (max-width: 1024px) 100vw, 1024px\" \/><figcaption>Colaboradores del <a href=\"https:\/\/nemperfeina.cat\">\u00abNem per Feina\u00bb <\/a>en el d\u00eda de cierre del evento<\/figcaption><\/figure>\n\n\n\n<h3 class=\"wp-block-heading\"><strong>Nos encanta apoyar proyectos como el vuestro,<\/strong> <strong>\u00bfc\u00f3mo hab\u00e9is conocido a Clouding?<\/strong><\/h3>\n\n\n\n<p><strong>Un miembro del equipo organizador ten\u00eda buenas referencias de vosotros<\/strong> y nos animamos a explorar la opci\u00f3n de colaborar juntos.<\/p>\n\n\n\n<p>Contactamos con el equipo comercial de Clouding para presentar la Associaci\u00f3 Geeks.CAT, as\u00ed como el propio evento que est\u00e1bamos acabando de cocinar, y \u00a1desde el minuto cero os animasteis a ofrecer ayuda para que este proyecto se hiciese realidad!<\/p>\n\n\n\n<h3 class=\"wp-block-heading\"><strong>\u00bfQu\u00e9  hab\u00e9is configurado en nuestra plataforma cloud y cu\u00e1l es vuestra experiencia con ella?<\/strong>&nbsp;<\/h3>\n\n\n\n<p>Hemos creado<strong> varios cluster Kubernetes <\/strong>(tanto multi-activo, como activo-pasivo con N workers), as\u00ed como<strong> nodos aislados destinados a la monitorizaci\u00f3n de toda la plataforma<\/strong> (como pe Wazuh).<\/p>\n\n\n\n<p><strong>La experiencia ha sido muy positiva<\/strong>, hemos podido hacer todo lo que esper\u00e1bamos de un proveedor de servicios en el cloud, pero sabiendo que todo se gestionaba a menos de 200km de casa.<\/p>\n\n\n\n<p>En total, <strong>hemos desplegado una decena de VPS cloud<\/strong>, configurado distintas pol\u00edticas de seguridad (firewall) y utilizado la delegaci\u00f3n NS para poder gestionar las zonas de los dominios involucrados desde el propio panel de administraci\u00f3n de Clouding.<\/p>\n\n\n\n<p>Unos de los fuertes del servicio de Clouding es que todo queda integrado en un \u00fanico panel de control, que se pueden replicar VPS clonando el disco (ideal para desplegar nuevos nodos worker) y que se pueden escalar las caracter\u00edsticas de un VPS sin necesidad de volver a crearlo desde cero (en menos de un minuto est\u00e1 todo aplicado).<\/p>\n\n\n\n<h3 class=\"wp-block-heading\"><strong>\u00bfEst\u00e1is satisfechos con Clouding? \u00bfLo recomendar\u00edais a otras personas?<\/strong><\/h3>\n\n\n\n<p><strong>\u00a1Totalmente! IPs espa\u00f1olas, CPD en Barcelona y una atenci\u00f3n inmejorable.<\/strong><\/p>\n\n\n\n<p>Hemos contactado con el equipo de soporte para solicitar algunos cambios, y \u00a1hemos tenido una respuesta casi inmediata totalmente personalizada y humana! S\u00ed, digo humana porque en muchos casos de la competencia, m\u00e1s que un equipo de soporte los primeros saltos suelen llevarlos chatbots que dejan mucho que desear&#8230;<\/p>\n\n\n\n<p>Altamente recomendable \ud83d\ude42<\/p>\n\n\n\n<h3 class=\"wp-block-heading\"><strong>\u00bfEst\u00e1is contentos con los resultados del evento?&nbsp;<\/strong><\/h3>\n\n\n\n<p>\u00a1Sin duda! Nos gustar\u00eda dejar pasar unos d\u00edas para acabar de digerirlo todo, pero <strong>la primera impresi\u00f3n es que el evento ha sido todo un \u00e9xito.<\/strong><\/p>\n\n\n\n<p>No s\u00f3lo por la puesta en producci\u00f3n del servicio, sino por el hecho de poder haber creado comunidad, de haber generado varios proyectos de c\u00f3digo libre y haberlo hecho entre todos aprendiendo de forma colaborativa.<\/p>\n\n\n\n<p><strong>Esperamos haber contribuido a romper barreras y aproximar la comunidad OS a los participantes del evento.<\/strong><\/p>\n\n\n\n<h3 class=\"wp-block-heading\"><strong>\u00bfQu\u00e9 va a pasar ahora con \u201cNem per Feina\u201d?<\/strong><\/h3>\n\n\n\n<p>\u00a1Todo esto sigue! Tenemos un roadmap preparado con el plan de mejoras que nos gustar\u00eda sacar adelante con la ayuda de la comunidad.<\/p>\n\n\n\n<p>Los repositorios los gestionaremos desde la Associaci\u00f3 Geeks.CAT, as\u00ed como la base del servicio (dominios, VPS, \u2026), pero <strong>la definici\u00f3n de c\u00f3mo evolucionar\u00e1 todo esto lo marcar\u00e1 la propia comunidad.<\/strong><\/p>\n\n\n\n<p>Me gustar\u00eda aprovechar esta oportunidad para agradecer el esfuerzo de los colaboradores del evento y daros otra vez las gracias en nombre de la Associaci\u00f3 Geeks.CAT por el patrocinio y por todo el soporte recibido. <\/p>\n\n\n\n<p>\u00a1Sin duda repetiremos! \u00a1Gracias, Clouding!<\/p>\n\n\n\n<p> <\/p>\n","protected":false},"excerpt":{"rendered":"<p>Dentro del marco del Hacktoberfest, Associaci\u00f3 Geeks.CAT ha propulsado el evento \u00abNem per Feina\u00bb, que desde Clouding hemos patrocinado con mucha ilusi\u00f3n. <\/p>\n","protected":false},"author":2,"featured_media":7350,"comment_status":"open","ping_status":"open","sticky":false,"template":"","format":"standard","meta":{"_acf_changed":false,"footnotes":""},"categories":[88,437,3],"tags":[323,396],"yst_prominent_words":[1864,1856,1866,583,726,685,834,722,1880,1865,1922,1921,1920,1403,1858,875,1861,590,1882,771],"class_list":["post-7248","post","type-post","status-publish","format-standard","has-post-thumbnail","hentry","category-actualidad","category-patrocinios","category-uncategorized-ca","tag-codigo-abierto","tag-patrocinio"],"acf":[],"_links":{"self":[{"href":"https:\/\/clouding.io\/blog\/wp-json\/wp\/v2\/posts\/7248","targetHints":{"allow":["GET"]}}],"collection":[{"href":"https:\/\/clouding.io\/blog\/wp-json\/wp\/v2\/posts"}],"about":[{"href":"https:\/\/clouding.io\/blog\/wp-json\/wp\/v2\/types\/post"}],"author":[{"embeddable":true,"href":"https:\/\/clouding.io\/blog\/wp-json\/wp\/v2\/users\/2"}],"replies":[{"embeddable":true,"href":"https:\/\/clouding.io\/blog\/wp-json\/wp\/v2\/comments?post=7248"}],"version-history":[{"count":28,"href":"https:\/\/clouding.io\/blog\/wp-json\/wp\/v2\/posts\/7248\/revisions"}],"predecessor-version":[{"id":7356,"href":"https:\/\/clouding.io\/blog\/wp-json\/wp\/v2\/posts\/7248\/revisions\/7356"}],"wp:featuredmedia":[{"embeddable":true,"href":"https:\/\/clouding.io\/blog\/wp-json\/wp\/v2\/media\/7350"}],"wp:attachment":[{"href":"https:\/\/clouding.io\/blog\/wp-json\/wp\/v2\/media?parent=7248"}],"wp:term":[{"taxonomy":"category","embeddable":true,"href":"https:\/\/clouding.io\/blog\/wp-json\/wp\/v2\/categories?post=7248"},{"taxonomy":"post_tag","embeddable":true,"href":"https:\/\/clouding.io\/blog\/wp-json\/wp\/v2\/tags?post=7248"},{"taxonomy":"yst_prominent_words","embeddable":true,"href":"https:\/\/clouding.io\/blog\/wp-json\/wp\/v2\/yst_prominent_words?post=7248"}],"curies":[{"name":"wp","href":"https:\/\/api.w.org\/{rel}","templated":true}]}}